{"id":1165,"date":"2012-12-03T23:07:20","date_gmt":"2012-12-03T22:07:20","guid":{"rendered":"http:\/\/anavole.fr\/?p=1165"},"modified":"2020-05-29T16:56:14","modified_gmt":"2020-05-29T14:56:14","slug":"dernier-jour-au-tyrol","status":"publish","type":"post","link":"https:\/\/anavole.fr\/?p=1165","title":{"rendered":"Dernier jour au Tyrol *6"},"content":{"rendered":"<p>Pour cette fin de s\u00e9jour, le soleil est encore au rendez-vous.<\/p>\n<p><a href=\"http:\/\/anavole.fr\/wp-content\/uploads\/2012\/12\/P1090623.jpg\"><img loading=\"lazy\" decoding=\"async\" class=\"alignnone size-medium wp-image-1167\" title=\"P1090623\" src=\"http:\/\/anavole.fr\/wp-content\/uploads\/2012\/12\/P1090623-225x300.jpg\" alt=\"\" width=\"225\" height=\"300\" srcset=\"https:\/\/anavole.fr\/wp-content\/uploads\/2012\/12\/P1090623-225x300.jpg 225w, https:\/\/anavole.fr\/wp-content\/uploads\/2012\/12\/P1090623.jpg 600w\" sizes=\"(max-width: 225px) 100vw, 225px\" \/><\/a><\/p>\n<p>Comme nous avons un peu de temps libre ce matin, nous allons visiter \u00ab\u00a0die Hofkirche\u00a0\u00bb. On nous a dit qu\u2019il s\u2019agissait d\u2019une \u00e9glise qui abrite le tombeau de l\u2019Empereur Maximilien 1<sup>er<\/sup> mort en 1529. En poussant la porte nous ne nous attendions pas au spectacle que nous allions voir\u00a0: C\u2019est un des monuments fun\u00e9raires le plus important d\u2019Europe.<\/p>\n<p><a href=\"http:\/\/anavole.fr\/wp-content\/uploads\/2012\/12\/P1090648.jpg\"><img loading=\"lazy\" decoding=\"async\" class=\"alignnone size-medium wp-image-1169\" title=\"P1090648\" src=\"http:\/\/anavole.fr\/wp-content\/uploads\/2012\/12\/P1090648-300x225.jpg\" alt=\"\" width=\"300\" height=\"225\" srcset=\"https:\/\/anavole.fr\/wp-content\/uploads\/2012\/12\/P1090648-300x225.jpg 300w, https:\/\/anavole.fr\/wp-content\/uploads\/2012\/12\/P1090648.jpg 800w\" sizes=\"(max-width: 300px) 100vw, 300px\" \/><\/a><\/p>\n<p>Il est compos\u00e9 d\u2019un c\u00e9notaphe entour\u00e9 de 28 statues en bronze parfaitement conserv\u00e9es, plus grandes que nature repr\u00e9sentant les membres de la famille imp\u00e9riale et les anc\u00eatres de Maximilien. Incroyable\u00a0!<\/p>\n<p><a href=\"http:\/\/anavole.fr\/wp-content\/uploads\/2012\/12\/P1090635.jpg\"><img loading=\"lazy\" decoding=\"async\" class=\"alignnone size-medium wp-image-1168\" title=\"P1090635\" src=\"http:\/\/anavole.fr\/wp-content\/uploads\/2012\/12\/P1090635-300x225.jpg\" alt=\"\" width=\"300\" height=\"225\" srcset=\"https:\/\/anavole.fr\/wp-content\/uploads\/2012\/12\/P1090635-300x225.jpg 300w, https:\/\/anavole.fr\/wp-content\/uploads\/2012\/12\/P1090635.jpg 800w\" sizes=\"(max-width: 300px) 100vw, 300px\" \/><\/a><\/p>\n<p>De l\u2019autre c\u00f4t\u00e9 du cloitre de l\u2019\u00e9glise se trouve le mus\u00e9e des arts et traditions populaires du Tyrol (Tiroler Volkskunstmuseum \u2013 \u00e7a ne s\u2019invente pas). Tr\u00e8s beau mus\u00e9e qui regroupe des objets du quotidien, des meubles, des jouets, des v\u00eatements traditionnels et des reconstitutions de chambres, salle \u00e0 manger et cuisine recouvertes de bois sculpt\u00e9 du sol au plafond. La diversit\u00e9 de ce mus\u00e9e et la qualit\u00e9 des pi\u00e8ces pr\u00e9sent\u00e9es sont remarquables.<\/p>\n<p><a href=\"http:\/\/anavole.fr\/wp-content\/uploads\/2012\/12\/P1090663.jpg\"><img loading=\"lazy\" decoding=\"async\" class=\"alignnone size-medium wp-image-1173\" title=\"P1090663\" src=\"http:\/\/anavole.fr\/wp-content\/uploads\/2012\/12\/P1090663-300x225.jpg\" alt=\"\" width=\"300\" height=\"225\" srcset=\"https:\/\/anavole.fr\/wp-content\/uploads\/2012\/12\/P1090663-300x225.jpg 300w, https:\/\/anavole.fr\/wp-content\/uploads\/2012\/12\/P1090663.jpg 800w\" sizes=\"(max-width: 300px) 100vw, 300px\" \/><\/a><\/p>\n<p><a href=\"http:\/\/anavole.fr\/wp-content\/uploads\/2012\/12\/P1090666.jpg\"><img loading=\"lazy\" decoding=\"async\" class=\"alignnone size-medium wp-image-1174\" title=\"P1090666\" src=\"http:\/\/anavole.fr\/wp-content\/uploads\/2012\/12\/P1090666-225x300.jpg\" alt=\"\" width=\"225\" height=\"300\" srcset=\"https:\/\/anavole.fr\/wp-content\/uploads\/2012\/12\/P1090666-225x300.jpg 225w, https:\/\/anavole.fr\/wp-content\/uploads\/2012\/12\/P1090666.jpg 600w\" sizes=\"(max-width: 225px) 100vw, 225px\" \/><\/a>\u00a0\u00a0\u00a0\u00a0\u00a0\u00a0\u00a0 <a href=\"http:\/\/anavole.fr\/wp-content\/uploads\/2012\/12\/P1090669.jpg\"><img loading=\"lazy\" decoding=\"async\" class=\"alignnone size-medium wp-image-1175\" title=\"P1090669\" src=\"http:\/\/anavole.fr\/wp-content\/uploads\/2012\/12\/P1090669-225x300.jpg\" alt=\"\" width=\"225\" height=\"300\" srcset=\"https:\/\/anavole.fr\/wp-content\/uploads\/2012\/12\/P1090669-225x300.jpg 225w, https:\/\/anavole.fr\/wp-content\/uploads\/2012\/12\/P1090669.jpg 600w\" sizes=\"(max-width: 225px) 100vw, 225px\" \/><\/a><\/p>\n<p>Pour terminer notre visite, nous retrouvons une exposition de cr\u00e8ches. En m\u00eame temps c&rsquo;\u00e9tait un peu le th\u00e8me de notre voyage. Encore une fois nous passons de longs moments \u00e0 observer les personnages et les situations reproduites par les artistes. Des merveilles\u00a0!<\/p>\n<p><a href=\"http:\/\/anavole.fr\/wp-content\/uploads\/2012\/12\/P1090654.jpg\"><img loading=\"lazy\" decoding=\"async\" class=\"alignnone size-medium wp-image-1170\" title=\"P1090654\" src=\"http:\/\/anavole.fr\/wp-content\/uploads\/2012\/12\/P1090654-300x225.jpg\" alt=\"\" width=\"300\" height=\"225\" srcset=\"https:\/\/anavole.fr\/wp-content\/uploads\/2012\/12\/P1090654-300x225.jpg 300w, https:\/\/anavole.fr\/wp-content\/uploads\/2012\/12\/P1090654.jpg 800w\" sizes=\"(max-width: 300px) 100vw, 300px\" \/><\/a><\/p>\n<p><a href=\"http:\/\/anavole.fr\/wp-content\/uploads\/2012\/12\/P1090658.jpg\"><img loading=\"lazy\" decoding=\"async\" class=\"alignnone size-medium wp-image-1171\" title=\"P1090658\" src=\"http:\/\/anavole.fr\/wp-content\/uploads\/2012\/12\/P1090658-225x300.jpg\" alt=\"\" width=\"225\" height=\"300\" srcset=\"https:\/\/anavole.fr\/wp-content\/uploads\/2012\/12\/P1090658-225x300.jpg 225w, https:\/\/anavole.fr\/wp-content\/uploads\/2012\/12\/P1090658.jpg 600w\" sizes=\"(max-width: 225px) 100vw, 225px\" \/><\/a>\u00a0\u00a0\u00a0\u00a0 <a href=\"http:\/\/anavole.fr\/wp-content\/uploads\/2012\/12\/P1090659.jpg\"><img loading=\"lazy\" decoding=\"async\" class=\"alignnone size-medium wp-image-1172\" title=\"P1090659\" src=\"http:\/\/anavole.fr\/wp-content\/uploads\/2012\/12\/P1090659-300x225.jpg\" alt=\"\" width=\"300\" height=\"225\" srcset=\"https:\/\/anavole.fr\/wp-content\/uploads\/2012\/12\/P1090659-300x225.jpg 300w, https:\/\/anavole.fr\/wp-content\/uploads\/2012\/12\/P1090659.jpg 800w\" sizes=\"(max-width: 300px) 100vw, 300px\" \/><\/a><\/p>\n<p>Et nous reprenons le chemin du retour vers la France. Cette premi\u00e8re d\u00e9couverte de l&rsquo;Autriche et du Tyrol en particulier nous a all\u00e9ch\u00e9. Il est fort probable que nous y reviendrons pour approfondir notre visite.<\/p>\n<p><a href=\"http:\/\/anavole.fr\/wp-content\/uploads\/2012\/12\/P1090678.jpg\"><img loading=\"lazy\" decoding=\"async\" class=\"alignnone size-medium wp-image-1166\" title=\"P1090678\" src=\"http:\/\/anavole.fr\/wp-content\/uploads\/2012\/12\/P1090678-225x300.jpg\" alt=\"\" width=\"225\" height=\"300\" srcset=\"https:\/\/anavole.fr\/wp-content\/uploads\/2012\/12\/P1090678-225x300.jpg 225w, https:\/\/anavole.fr\/wp-content\/uploads\/2012\/12\/P1090678.jpg 600w\" sizes=\"(max-width: 225px) 100vw, 225px\" \/><\/a><\/p>\n<p>&nbsp;<\/p>\n","protected":false},"excerpt":{"rendered":"<p>Pour cette fin de s\u00e9jour, le soleil est encore au rendez-vous. Comme nous avons un peu de temps libre ce matin, nous allons visiter \u00ab\u00a0die Hofkirche\u00a0\u00bb. On nous a dit qu\u2019il s\u2019agissait d\u2019une \u00e9glise qui &hellip; <\/p>\n","protected":false},"author":2,"featured_media":6955,"comment_status":"open","ping_status":"open","sticky":false,"template":"","format":"standard","meta":{"footnotes":""},"categories":[5],"tags":[17],"class_list":["post-1165","post","type-post","status-publish","format-standard","has-post-thumbnail","hentry","category-ailleurs","tag-autriche"],"_links":{"self":[{"href":"https:\/\/anavole.fr\/index.php?rest_route=\/wp\/v2\/posts\/1165"}],"collection":[{"href":"https:\/\/anavole.fr\/index.php?rest_route=\/wp\/v2\/posts"}],"about":[{"href":"https:\/\/anavole.fr\/index.php?rest_route=\/wp\/v2\/types\/post"}],"author":[{"embeddable":true,"href":"https:\/\/anavole.fr\/index.php?rest_route=\/wp\/v2\/users\/2"}],"replies":[{"embeddable":true,"href":"https:\/\/anavole.fr\/index.php?rest_route=%2Fwp%2Fv2%2Fcomments&post=1165"}],"version-history":[{"count":5,"href":"https:\/\/anavole.fr\/index.php?rest_route=\/wp\/v2\/posts\/1165\/revisions"}],"predecessor-version":[{"id":6973,"href":"https:\/\/anavole.fr\/index.php?rest_route=\/wp\/v2\/posts\/1165\/revisions\/6973"}],"wp:featuredmedia":[{"embeddable":true,"href":"https:\/\/anavole.fr\/index.php?rest_route=\/wp\/v2\/media\/6955"}],"wp:attachment":[{"href":"https:\/\/anavole.fr\/index.php?rest_route=%2Fwp%2Fv2%2Fmedia&parent=1165"}],"wp:term":[{"taxonomy":"category","embeddable":true,"href":"https:\/\/anavole.fr\/index.php?rest_route=%2Fwp%2Fv2%2Fcategories&post=1165"},{"taxonomy":"post_tag","embeddable":true,"href":"https:\/\/anavole.fr\/index.php?rest_route=%2Fwp%2Fv2%2Ftags&post=1165"}],"curies":[{"name":"wp","href":"https:\/\/api.w.org\/{rel}","templated":true}]}}