{"id":8153,"date":"2023-06-23T22:23:57","date_gmt":"2023-06-23T20:23:57","guid":{"rendered":"http:\/\/anavole.fr\/?p=8153"},"modified":"2025-05-18T13:34:42","modified_gmt":"2025-05-18T11:34:42","slug":"en-slavonie","status":"publish","type":"post","link":"https:\/\/anavole.fr\/?p=8153","title":{"rendered":"En Slavonie *6"},"content":{"rendered":"<p>Et c&rsquo;est reparti. Nous sommes maintenant en Croatie. De l&rsquo;autre c\u00f4t\u00e9 du Danube, c&rsquo;est encore la Serbie. Notre bateau a accost\u00e9 \u00e0 Vucovar pour nous d\u00e9poser. Nous allons l&rsquo;abandonner pour la journ\u00e9e et le retrouver ce soir plus loin, en Hongrie. Nous allons parcourir une des 5 r\u00e9gions croates situ\u00e9e \u00e0 l&rsquo;est du pays. Mais pour le moment, le sujet de la premi\u00e8re partie de notre visite n&rsquo;est pas tr\u00e8s r\u00e9jouissant puisque nous allons parler de la guerre d\u00e9but\u00e9e en 1991 qui a oppos\u00e9 les croates et les serbes, ici m\u00eame.<\/p>\n<p>Tout a commenc\u00e9, quand la Croatie a d\u00e9clar\u00e9 son ind\u00e9pendance en juin 1991. A Vukovar la population se r\u00e9partit en 30% de serbes et 70% de croates et les villages qui entourent la ville sont serbes \u00e0 100%. Craignant d&rsquo;\u00eatre discrimin\u00e9s dans le nouvel \u00e9tat croate, les serbes s&rsquo;arment et attaquent la police croate. Ils vont assi\u00e9ger la ville pendant 87 jours, soutenus par le pouvoir central serbe. Le ch\u00e2teau d&rsquo;eau marque les traces du conflit car un drapeau croate, symbole de la r\u00e9sistance croate, flottait inexorablement au sommet de l&rsquo;\u00e9difice, remplac\u00e9 syst\u00e9matiquement par les deux r\u00e9sistants mentionn\u00e9s sur la photo ci-dessous.<\/p>\n<p><a href=\"http:\/\/anavole.fr\/wp-content\/uploads\/2023\/06\/P1090715.jpg\"><img loading=\"lazy\" decoding=\"async\" class=\"alignnone size-medium wp-image-8159\" src=\"http:\/\/anavole.fr\/wp-content\/uploads\/2023\/06\/P1090715-300x225.jpg\" alt=\"\" width=\"300\" height=\"225\" srcset=\"https:\/\/anavole.fr\/wp-content\/uploads\/2023\/06\/P1090715-300x225.jpg 300w, https:\/\/anavole.fr\/wp-content\/uploads\/2023\/06\/P1090715-768x576.jpg 768w, https:\/\/anavole.fr\/wp-content\/uploads\/2023\/06\/P1090715-80x60.jpg 80w, https:\/\/anavole.fr\/wp-content\/uploads\/2023\/06\/P1090715.jpg 800w\" sizes=\"(max-width: 300px) 100vw, 300px\" \/><\/a> \u00a0 <a href=\"http:\/\/anavole.fr\/wp-content\/uploads\/2023\/06\/P1090716-rotated.jpg\"><img loading=\"lazy\" decoding=\"async\" class=\"alignnone size-medium wp-image-8160\" src=\"http:\/\/anavole.fr\/wp-content\/uploads\/2023\/06\/P1090716-225x300.jpg\" alt=\"\" width=\"225\" height=\"300\" srcset=\"https:\/\/anavole.fr\/wp-content\/uploads\/2023\/06\/P1090716-225x300.jpg 225w, https:\/\/anavole.fr\/wp-content\/uploads\/2023\/06\/P1090716-45x60.jpg 45w, https:\/\/anavole.fr\/wp-content\/uploads\/2023\/06\/P1090716-rotated.jpg 600w\" sizes=\"(max-width: 225px) 100vw, 225px\" \/><\/a><\/p>\n<p>La ville sera d\u00e9truite et a \u00e9t\u00e9 enti\u00e8rement reconstruite depuis. Au sommet des chemin\u00e9es, de beaux nids de cigognes. Les propri\u00e9taires des maisons ainsi occup\u00e9s sont d\u00e9dommag\u00e9s par la municipalit\u00e9 \u00e0 hauteur de 80 \u20ac par mois car les cigognes ne tuent pas leurs proies avant de les manger (souris, rats, serpents&#8230; ) et parfois les laissent tomber devant les portes des maisons ce qui n&rsquo;est pas tr\u00e8s agr\u00e9able !<\/p>\n<p><a href=\"http:\/\/anavole.fr\/wp-content\/uploads\/2023\/06\/P1090695.jpg\"><img loading=\"lazy\" decoding=\"async\" class=\"alignnone size-medium wp-image-8155\" src=\"http:\/\/anavole.fr\/wp-content\/uploads\/2023\/06\/P1090695-300x225.jpg\" alt=\"\" width=\"300\" height=\"225\" srcset=\"https:\/\/anavole.fr\/wp-content\/uploads\/2023\/06\/P1090695-300x225.jpg 300w, https:\/\/anavole.fr\/wp-content\/uploads\/2023\/06\/P1090695-768x576.jpg 768w, https:\/\/anavole.fr\/wp-content\/uploads\/2023\/06\/P1090695-80x60.jpg 80w, https:\/\/anavole.fr\/wp-content\/uploads\/2023\/06\/P1090695.jpg 800w\" sizes=\"(max-width: 300px) 100vw, 300px\" \/><\/a> \u00a0 <a href=\"http:\/\/anavole.fr\/wp-content\/uploads\/2023\/06\/P1090698-rotated.jpg\"><img loading=\"lazy\" decoding=\"async\" class=\"alignnone size-medium wp-image-8156\" src=\"http:\/\/anavole.fr\/wp-content\/uploads\/2023\/06\/P1090698-225x300.jpg\" alt=\"\" width=\"225\" height=\"300\" srcset=\"https:\/\/anavole.fr\/wp-content\/uploads\/2023\/06\/P1090698-225x300.jpg 225w, https:\/\/anavole.fr\/wp-content\/uploads\/2023\/06\/P1090698-45x60.jpg 45w, https:\/\/anavole.fr\/wp-content\/uploads\/2023\/06\/P1090698-rotated.jpg 600w\" sizes=\"(max-width: 225px) 100vw, 225px\" \/><\/a><\/p>\n<p>En poursuivant notre promenade, nous d\u00e9couvrons la perdrix boiteuse (\u00e0 3 pattes) repr\u00e9sentant la poterie d\u00e9couverte dans les fouilles d&rsquo;un village de culture Vuch\u00e9dol datant de 3150 avant notre \u00e8re. Nous visiterons le mus\u00e9e d\u00e9di\u00e9 \u00e0 cette culture un peu plus tard. Nous prenons le temps d&rsquo;admirer le palais de la famille Eltz.<\/p>\n<p><a href=\"http:\/\/anavole.fr\/wp-content\/uploads\/2023\/06\/P1090703-rotated.jpg\"><img loading=\"lazy\" decoding=\"async\" class=\"alignnone size-medium wp-image-8157\" src=\"http:\/\/anavole.fr\/wp-content\/uploads\/2023\/06\/P1090703-225x300.jpg\" alt=\"\" width=\"225\" height=\"300\" srcset=\"https:\/\/anavole.fr\/wp-content\/uploads\/2023\/06\/P1090703-225x300.jpg 225w, https:\/\/anavole.fr\/wp-content\/uploads\/2023\/06\/P1090703-45x60.jpg 45w, https:\/\/anavole.fr\/wp-content\/uploads\/2023\/06\/P1090703-rotated.jpg 600w\" sizes=\"(max-width: 225px) 100vw, 225px\" \/><\/a> \u00a0 <a href=\"http:\/\/anavole.fr\/wp-content\/uploads\/2023\/06\/P1090709.jpg\"><img loading=\"lazy\" decoding=\"async\" class=\"alignnone size-medium wp-image-8158\" src=\"http:\/\/anavole.fr\/wp-content\/uploads\/2023\/06\/P1090709-300x225.jpg\" alt=\"\" width=\"300\" height=\"225\" srcset=\"https:\/\/anavole.fr\/wp-content\/uploads\/2023\/06\/P1090709-300x225.jpg 300w, https:\/\/anavole.fr\/wp-content\/uploads\/2023\/06\/P1090709-768x576.jpg 768w, https:\/\/anavole.fr\/wp-content\/uploads\/2023\/06\/P1090709-80x60.jpg 80w, https:\/\/anavole.fr\/wp-content\/uploads\/2023\/06\/P1090709.jpg 800w\" sizes=\"(max-width: 300px) 100vw, 300px\" \/><\/a><\/p>\n<p>Notre \u00e9tape suivant nous am\u00e8ne au m\u00e9morial o\u00f9 sont enterr\u00e9es les victimes de la guerre de 1991. Toutes les tombes sont identiques (plus de 3 000) et plus loin 938 croix rappellent les corps trouv\u00e9s dans la fosse commune. Des familles enti\u00e8res ont \u00e9t\u00e9 d\u00e9cim\u00e9es et nombre de corps n&rsquo;ont pas pu \u00eatre identifi\u00e9s.<\/p>\n<p><a href=\"http:\/\/anavole.fr\/wp-content\/uploads\/2023\/06\/P1090720.jpg\"><img loading=\"lazy\" decoding=\"async\" class=\"alignnone size-medium wp-image-8161\" src=\"http:\/\/anavole.fr\/wp-content\/uploads\/2023\/06\/P1090720-300x225.jpg\" alt=\"\" width=\"300\" height=\"225\" srcset=\"https:\/\/anavole.fr\/wp-content\/uploads\/2023\/06\/P1090720-300x225.jpg 300w, https:\/\/anavole.fr\/wp-content\/uploads\/2023\/06\/P1090720-768x576.jpg 768w, https:\/\/anavole.fr\/wp-content\/uploads\/2023\/06\/P1090720-80x60.jpg 80w, https:\/\/anavole.fr\/wp-content\/uploads\/2023\/06\/P1090720.jpg 800w\" sizes=\"(max-width: 300px) 100vw, 300px\" \/><\/a> \u00a0 <a href=\"http:\/\/anavole.fr\/wp-content\/uploads\/2023\/06\/P1090725.jpg\"><img loading=\"lazy\" decoding=\"async\" class=\"alignnone size-medium wp-image-8162\" src=\"http:\/\/anavole.fr\/wp-content\/uploads\/2023\/06\/P1090725-300x225.jpg\" alt=\"\" width=\"300\" height=\"225\" srcset=\"https:\/\/anavole.fr\/wp-content\/uploads\/2023\/06\/P1090725-300x225.jpg 300w, https:\/\/anavole.fr\/wp-content\/uploads\/2023\/06\/P1090725-768x576.jpg 768w, https:\/\/anavole.fr\/wp-content\/uploads\/2023\/06\/P1090725-80x60.jpg 80w, https:\/\/anavole.fr\/wp-content\/uploads\/2023\/06\/P1090725.jpg 800w\" sizes=\"(max-width: 300px) 100vw, 300px\" \/><\/a><a href=\"http:\/\/anavole.fr\/wp-content\/uploads\/2023\/06\/P1090727.jpg\"><img loading=\"lazy\" decoding=\"async\" class=\"alignnone size-medium wp-image-8163\" src=\"http:\/\/anavole.fr\/wp-content\/uploads\/2023\/06\/P1090727-300x225.jpg\" alt=\"\" width=\"300\" height=\"225\" srcset=\"https:\/\/anavole.fr\/wp-content\/uploads\/2023\/06\/P1090727-300x225.jpg 300w, https:\/\/anavole.fr\/wp-content\/uploads\/2023\/06\/P1090727-768x576.jpg 768w, https:\/\/anavole.fr\/wp-content\/uploads\/2023\/06\/P1090727-80x60.jpg 80w, https:\/\/anavole.fr\/wp-content\/uploads\/2023\/06\/P1090727.jpg 800w\" sizes=\"(max-width: 300px) 100vw, 300px\" \/><\/a><\/p>\n<p>Nous arrivons ensuite au mus\u00e9e arch\u00e9ologique de la culture Vuchedol. Impressionnant ! Ce village a \u00e9t\u00e9 d\u00e9couvert en 1897 au bord du Danube. Il \u00e9tait habit\u00e9 par 2500 personnes. La particularit\u00e9 de ce site c&rsquo;est que gr\u00e2ce \u00e0 son sol argileux les objets retrouv\u00e9s sont en parfaite conservation. En plus les habitants fabriquaient des mod\u00e8les r\u00e9duits des objets d&rsquo;usage courant. On a ainsi retrouv\u00e9 des miniatures repr\u00e9sentant une charette, une barque pour naviguer sur le Danube, des bottes, des fours de m\u00e9tallurgie, des figurines&#8230; Le mus\u00e9e propose des repr\u00e9sentations grandeur nature de ces objets ce qui en fait un lieu passionnant.<\/p>\n<p><a href=\"http:\/\/anavole.fr\/wp-content\/uploads\/2023\/06\/P1090730-rotated.jpg\"><img loading=\"lazy\" decoding=\"async\" class=\"alignnone size-medium wp-image-8164\" src=\"http:\/\/anavole.fr\/wp-content\/uploads\/2023\/06\/P1090730-225x300.jpg\" alt=\"\" width=\"225\" height=\"300\" srcset=\"https:\/\/anavole.fr\/wp-content\/uploads\/2023\/06\/P1090730-225x300.jpg 225w, https:\/\/anavole.fr\/wp-content\/uploads\/2023\/06\/P1090730-45x60.jpg 45w, https:\/\/anavole.fr\/wp-content\/uploads\/2023\/06\/P1090730-rotated.jpg 600w\" sizes=\"(max-width: 225px) 100vw, 225px\" \/><\/a> \u00a0 <a href=\"http:\/\/anavole.fr\/wp-content\/uploads\/2023\/06\/P1090732-rotated.jpg\"><img loading=\"lazy\" decoding=\"async\" class=\"alignnone size-medium wp-image-8165\" src=\"http:\/\/anavole.fr\/wp-content\/uploads\/2023\/06\/P1090732-225x300.jpg\" alt=\"\" width=\"225\" height=\"300\" srcset=\"https:\/\/anavole.fr\/wp-content\/uploads\/2023\/06\/P1090732-225x300.jpg 225w, https:\/\/anavole.fr\/wp-content\/uploads\/2023\/06\/P1090732-45x60.jpg 45w, https:\/\/anavole.fr\/wp-content\/uploads\/2023\/06\/P1090732-rotated.jpg 600w\" sizes=\"(max-width: 225px) 100vw, 225px\" \/><\/a><\/p>\n<p>La matin\u00e9e n&rsquo;est pas encore termin\u00e9e. Nous partons faire un tour en barque dans le parc naturel de Kopacki rit. 30000 hectares, 300 esp\u00e8ces d&rsquo;oiseaux : des cormorans en pagaille, des aigrettes, des h\u00e9rons cendr\u00e9s, &#8230;<\/p>\n<p><a href=\"http:\/\/anavole.fr\/wp-content\/uploads\/2023\/06\/P1090741.jpg\"><img loading=\"lazy\" decoding=\"async\" class=\"alignnone size-medium wp-image-8166\" src=\"http:\/\/anavole.fr\/wp-content\/uploads\/2023\/06\/P1090741-300x225.jpg\" alt=\"\" width=\"300\" height=\"225\" srcset=\"https:\/\/anavole.fr\/wp-content\/uploads\/2023\/06\/P1090741-300x225.jpg 300w, https:\/\/anavole.fr\/wp-content\/uploads\/2023\/06\/P1090741-768x576.jpg 768w, https:\/\/anavole.fr\/wp-content\/uploads\/2023\/06\/P1090741-80x60.jpg 80w, https:\/\/anavole.fr\/wp-content\/uploads\/2023\/06\/P1090741.jpg 800w\" sizes=\"(max-width: 300px) 100vw, 300px\" \/><\/a><a href=\"http:\/\/anavole.fr\/wp-content\/uploads\/2023\/06\/P1090745.jpg\"><img loading=\"lazy\" decoding=\"async\" class=\"alignnone size-medium wp-image-8172\" src=\"http:\/\/anavole.fr\/wp-content\/uploads\/2023\/06\/P1090745-300x225.jpg\" alt=\"\" width=\"300\" height=\"225\" srcset=\"https:\/\/anavole.fr\/wp-content\/uploads\/2023\/06\/P1090745-300x225.jpg 300w, https:\/\/anavole.fr\/wp-content\/uploads\/2023\/06\/P1090745-768x576.jpg 768w, https:\/\/anavole.fr\/wp-content\/uploads\/2023\/06\/P1090745-80x60.jpg 80w, https:\/\/anavole.fr\/wp-content\/uploads\/2023\/06\/P1090745.jpg 800w\" sizes=\"(max-width: 300px) 100vw, 300px\" \/><\/a><\/p>\n<p>Il est maintenant 13h30 et nous allons d\u00e9jeuner \u00e0 Karanac, village pluriethnique. Un petit mus\u00e9e ethnographique est pr\u00e9sent\u00e9 dans le restaurant.<\/p>\n<p><a href=\"http:\/\/anavole.fr\/wp-content\/uploads\/2023\/06\/P1090754.jpg\"><img loading=\"lazy\" decoding=\"async\" class=\"alignnone size-medium wp-image-8167\" src=\"http:\/\/anavole.fr\/wp-content\/uploads\/2023\/06\/P1090754-300x225.jpg\" alt=\"\" width=\"300\" height=\"225\" srcset=\"https:\/\/anavole.fr\/wp-content\/uploads\/2023\/06\/P1090754-300x225.jpg 300w, https:\/\/anavole.fr\/wp-content\/uploads\/2023\/06\/P1090754-768x576.jpg 768w, https:\/\/anavole.fr\/wp-content\/uploads\/2023\/06\/P1090754-80x60.jpg 80w, https:\/\/anavole.fr\/wp-content\/uploads\/2023\/06\/P1090754.jpg 800w\" sizes=\"(max-width: 300px) 100vw, 300px\" \/><\/a><\/p>\n<p>Pour terminer la journ\u00e9e, nous visitons rapidement la capitale de la Slavonie Osijek (prononcez osi\u00e8k). Cette ville de garnison dispose d&rsquo;une forteresse construite au 18\u00e8me si\u00e8cle.<\/p>\n<p><a href=\"http:\/\/anavole.fr\/wp-content\/uploads\/2023\/06\/P1090757.jpg\"><img loading=\"lazy\" decoding=\"async\" class=\"alignnone size-medium wp-image-8168\" src=\"http:\/\/anavole.fr\/wp-content\/uploads\/2023\/06\/P1090757-300x225.jpg\" alt=\"\" width=\"300\" height=\"225\" srcset=\"https:\/\/anavole.fr\/wp-content\/uploads\/2023\/06\/P1090757-300x225.jpg 300w, https:\/\/anavole.fr\/wp-content\/uploads\/2023\/06\/P1090757-768x576.jpg 768w, https:\/\/anavole.fr\/wp-content\/uploads\/2023\/06\/P1090757-80x60.jpg 80w, https:\/\/anavole.fr\/wp-content\/uploads\/2023\/06\/P1090757.jpg 800w\" sizes=\"(max-width: 300px) 100vw, 300px\" \/><\/a> \u00a0 <a href=\"http:\/\/anavole.fr\/wp-content\/uploads\/2023\/06\/P1090764.jpg\"><img loading=\"lazy\" decoding=\"async\" class=\"alignnone size-medium wp-image-8169\" src=\"http:\/\/anavole.fr\/wp-content\/uploads\/2023\/06\/P1090764-300x225.jpg\" alt=\"\" width=\"300\" height=\"225\" srcset=\"https:\/\/anavole.fr\/wp-content\/uploads\/2023\/06\/P1090764-300x225.jpg 300w, https:\/\/anavole.fr\/wp-content\/uploads\/2023\/06\/P1090764-768x576.jpg 768w, https:\/\/anavole.fr\/wp-content\/uploads\/2023\/06\/P1090764-80x60.jpg 80w, https:\/\/anavole.fr\/wp-content\/uploads\/2023\/06\/P1090764.jpg 800w\" sizes=\"(max-width: 300px) 100vw, 300px\" \/><\/a><\/p>\n<p>En poursuivant notre route nous passons en Hongrie o\u00f9 notre bateau nous attend \u00e0 Mohacs. Cette ville a \u00e9t\u00e9 le lieu d&rsquo;une grande bataille en 1526\u00a0 entre le royaume de Hongrie et l&rsquo;Empire Ottoman, remport\u00e9e par les ottomans.<\/p>\n","protected":false},"excerpt":{"rendered":"<p>Et c&rsquo;est reparti. Nous sommes maintenant en Croatie. De l&rsquo;autre c\u00f4t\u00e9 du Danube, c&rsquo;est encore la Serbie. Notre bateau a accost\u00e9 \u00e0 Vucovar pour nous d\u00e9poser. Nous allons l&rsquo;abandonner pour la journ\u00e9e et le retrouver &hellip; <\/p>\n","protected":false},"author":2,"featured_media":8154,"comment_status":"open","ping_status":"open","sticky":false,"template":"","format":"standard","meta":{"footnotes":""},"categories":[5],"tags":[61,57],"class_list":["post-8153","post","type-post","status-publish","format-standard","has-post-thumbnail","hentry","category-ailleurs","tag-croatie","tag-danube"],"_links":{"self":[{"href":"https:\/\/anavole.fr\/index.php?rest_route=\/wp\/v2\/posts\/8153"}],"collection":[{"href":"https:\/\/anavole.fr\/index.php?rest_route=\/wp\/v2\/posts"}],"about":[{"href":"https:\/\/anavole.fr\/index.php?rest_route=\/wp\/v2\/types\/post"}],"author":[{"embeddable":true,"href":"https:\/\/anavole.fr\/index.php?rest_route=\/wp\/v2\/users\/2"}],"replies":[{"embeddable":true,"href":"https:\/\/anavole.fr\/index.php?rest_route=%2Fwp%2Fv2%2Fcomments&post=8153"}],"version-history":[{"count":6,"href":"https:\/\/anavole.fr\/index.php?rest_route=\/wp\/v2\/posts\/8153\/revisions"}],"predecessor-version":[{"id":8353,"href":"https:\/\/anavole.fr\/index.php?rest_route=\/wp\/v2\/posts\/8153\/revisions\/8353"}],"wp:featuredmedia":[{"embeddable":true,"href":"https:\/\/anavole.fr\/index.php?rest_route=\/wp\/v2\/media\/8154"}],"wp:attachment":[{"href":"https:\/\/anavole.fr\/index.php?rest_route=%2Fwp%2Fv2%2Fmedia&parent=8153"}],"wp:term":[{"taxonomy":"category","embeddable":true,"href":"https:\/\/anavole.fr\/index.php?rest_route=%2Fwp%2Fv2%2Fcategories&post=8153"},{"taxonomy":"post_tag","embeddable":true,"href":"https:\/\/anavole.fr\/index.php?rest_route=%2Fwp%2Fv2%2Ftags&post=8153"}],"curies":[{"name":"wp","href":"https:\/\/api.w.org\/{rel}","templated":true}]}}