{"id":8177,"date":"2023-06-22T18:53:58","date_gmt":"2023-06-22T16:53:58","guid":{"rendered":"http:\/\/anavole.fr\/?p=8177"},"modified":"2023-06-28T15:07:57","modified_gmt":"2023-06-28T13:07:57","slug":"chez-les-magyars","status":"publish","type":"post","link":"https:\/\/anavole.fr\/?p=8177","title":{"rendered":"Chez les Magyars *7"},"content":{"rendered":"<p>Nous sommes maintenant en Hongrie, le pays des Magyars. Au 10\u00e8me si\u00e8cle, ce peuple nomade colonise la grande plaine de Pannonie que nous avons d\u00e9j\u00e0 parcourue car elle occupe une partie de 9 pays de l&rsquo;Autriche \u00e0 l&rsquo;Ukraine. Le royaume de Hongrie nait en l&rsquo;an 1000 avec le roi Etienne 1er qui sera canonis\u00e9. Le pays est ensuite envahi par les les tatares au 13\u00e8me si\u00e8cle. Au 15\u00e8me si\u00e8cle le roi Mathias Corvin d\u00e9veloppe la nation sur le plan administratif, commercial et culturel. Ensuite les turcs envahissent la Hongrie, suivis par les Habsbourg qui prennent le pouvoir au 17\u00e8me si\u00e8cle. Bref, que de passage dans ce pays ! Comme d&rsquo;ailleurs dans toute cette r\u00e9gion d&rsquo;Europe Centrale et dans les Balkans. Apr\u00e8s ce petit instant historique, nous partons visiter Budapest (\u00e7a se prononce Boudapecht). La ville est compos\u00e9e de 2 anciennes villes unifi\u00e9es il y a 150 ans : Buda sur la colline, Pest de l&rsquo;autre c\u00f4t\u00e9 du Danube. Ici on voue un culte \u00e0 St Gellert qui fut enferm\u00e9 dans un tonneau plein de clous et jet\u00e9 dans le Danube par les pa\u00efens. De c\u00e9l\u00e8bres bains thermaux portent son nom entre autres b\u00e2timents et lieux..<\/p>\n<p><a href=\"http:\/\/anavole.fr\/wp-content\/uploads\/2023\/06\/P1090785.jpg\"><img loading=\"lazy\" decoding=\"async\" class=\"alignnone size-medium wp-image-8178\" src=\"http:\/\/anavole.fr\/wp-content\/uploads\/2023\/06\/P1090785-300x225.jpg\" alt=\"\" width=\"300\" height=\"225\" srcset=\"https:\/\/anavole.fr\/wp-content\/uploads\/2023\/06\/P1090785-300x225.jpg 300w, https:\/\/anavole.fr\/wp-content\/uploads\/2023\/06\/P1090785-768x576.jpg 768w, https:\/\/anavole.fr\/wp-content\/uploads\/2023\/06\/P1090785-80x60.jpg 80w, https:\/\/anavole.fr\/wp-content\/uploads\/2023\/06\/P1090785.jpg 800w\" sizes=\"(max-width: 300px) 100vw, 300px\" \/><\/a> <a href=\"http:\/\/anavole.fr\/wp-content\/uploads\/2023\/06\/P1090788.jpg\"><img loading=\"lazy\" decoding=\"async\" class=\"alignnone size-medium wp-image-8179\" src=\"http:\/\/anavole.fr\/wp-content\/uploads\/2023\/06\/P1090788-300x225.jpg\" alt=\"\" width=\"300\" height=\"225\" srcset=\"https:\/\/anavole.fr\/wp-content\/uploads\/2023\/06\/P1090788-300x225.jpg 300w, https:\/\/anavole.fr\/wp-content\/uploads\/2023\/06\/P1090788-768x576.jpg 768w, https:\/\/anavole.fr\/wp-content\/uploads\/2023\/06\/P1090788-80x60.jpg 80w, https:\/\/anavole.fr\/wp-content\/uploads\/2023\/06\/P1090788.jpg 800w\" sizes=\"(max-width: 300px) 100vw, 300px\" \/><\/a><\/p>\n<p>Le long du Danube \u00ab\u00a0La Baleine\u00a0\u00bb, centre culturel et commercial se situe tout pr\u00e8s du pont de la Libert\u00e9.<\/p>\n<p><a href=\"http:\/\/anavole.fr\/wp-content\/uploads\/2023\/06\/P1090790.jpg\"><img loading=\"lazy\" decoding=\"async\" class=\"alignnone size-medium wp-image-8180\" src=\"http:\/\/anavole.fr\/wp-content\/uploads\/2023\/06\/P1090790-300x225.jpg\" alt=\"\" width=\"300\" height=\"225\" srcset=\"https:\/\/anavole.fr\/wp-content\/uploads\/2023\/06\/P1090790-300x225.jpg 300w, https:\/\/anavole.fr\/wp-content\/uploads\/2023\/06\/P1090790-768x576.jpg 768w, https:\/\/anavole.fr\/wp-content\/uploads\/2023\/06\/P1090790-80x60.jpg 80w, https:\/\/anavole.fr\/wp-content\/uploads\/2023\/06\/P1090790.jpg 800w\" sizes=\"(max-width: 300px) 100vw, 300px\" \/><\/a> <a href=\"http:\/\/anavole.fr\/wp-content\/uploads\/2023\/06\/P1090792.jpg\"><img loading=\"lazy\" decoding=\"async\" class=\"alignnone size-medium wp-image-8181\" src=\"http:\/\/anavole.fr\/wp-content\/uploads\/2023\/06\/P1090792-300x225.jpg\" alt=\"\" width=\"300\" height=\"225\" srcset=\"https:\/\/anavole.fr\/wp-content\/uploads\/2023\/06\/P1090792-300x225.jpg 300w, https:\/\/anavole.fr\/wp-content\/uploads\/2023\/06\/P1090792-768x576.jpg 768w, https:\/\/anavole.fr\/wp-content\/uploads\/2023\/06\/P1090792-80x60.jpg 80w, https:\/\/anavole.fr\/wp-content\/uploads\/2023\/06\/P1090792.jpg 800w\" sizes=\"(max-width: 300px) 100vw, 300px\" \/><\/a><\/p>\n<p>Nous grimpons \u00e0 Buda pour une promenade dans le ch\u00e2teau. Ici un immense chantier est engag\u00e9 pour reconstruire \u00e0 neuf tous les anciens b\u00e2timents endommag\u00e9s pendant la seconde guerre mondiale. L&rsquo;ossature est en b\u00e9ton et on donne ensuite l&rsquo;apparence de l&rsquo;ancien. Ce projet pharaonique est (nous dit-on) financ\u00e9 par l&rsquo;\u00e9tat. Nous ne parviendrons pas \u00e0 en connaitre le co\u00fbt global.<\/p>\n<p><a href=\"http:\/\/anavole.fr\/wp-content\/uploads\/2023\/06\/P1090796.jpg\"><img loading=\"lazy\" decoding=\"async\" class=\"alignnone size-medium wp-image-8182\" src=\"http:\/\/anavole.fr\/wp-content\/uploads\/2023\/06\/P1090796-300x225.jpg\" alt=\"\" width=\"300\" height=\"225\" srcset=\"https:\/\/anavole.fr\/wp-content\/uploads\/2023\/06\/P1090796-300x225.jpg 300w, https:\/\/anavole.fr\/wp-content\/uploads\/2023\/06\/P1090796-768x576.jpg 768w, https:\/\/anavole.fr\/wp-content\/uploads\/2023\/06\/P1090796-80x60.jpg 80w, https:\/\/anavole.fr\/wp-content\/uploads\/2023\/06\/P1090796.jpg 800w\" sizes=\"(max-width: 300px) 100vw, 300px\" \/><\/a> \u00a0 <a href=\"http:\/\/anavole.fr\/wp-content\/uploads\/2023\/06\/P1090799-rotated.jpg\"><img loading=\"lazy\" decoding=\"async\" class=\"alignnone size-medium wp-image-8183\" src=\"http:\/\/anavole.fr\/wp-content\/uploads\/2023\/06\/P1090799-225x300.jpg\" alt=\"\" width=\"225\" height=\"300\" srcset=\"https:\/\/anavole.fr\/wp-content\/uploads\/2023\/06\/P1090799-225x300.jpg 225w, https:\/\/anavole.fr\/wp-content\/uploads\/2023\/06\/P1090799-45x60.jpg 45w, https:\/\/anavole.fr\/wp-content\/uploads\/2023\/06\/P1090799-rotated.jpg 600w\" sizes=\"(max-width: 225px) 100vw, 225px\" \/><\/a><\/p>\n<p>La fontaine Mathias se situe dans la cour Hunyadi du palais royal. Elle repr\u00e9sente Mathias Corvin se reposant pendant la chasse.<\/p>\n<p><a href=\"http:\/\/anavole.fr\/wp-content\/uploads\/2023\/06\/P1090803.jpg\"><img loading=\"lazy\" decoding=\"async\" class=\"alignnone size-medium wp-image-8184\" src=\"http:\/\/anavole.fr\/wp-content\/uploads\/2023\/06\/P1090803-300x225.jpg\" alt=\"\" width=\"300\" height=\"225\" srcset=\"https:\/\/anavole.fr\/wp-content\/uploads\/2023\/06\/P1090803-300x225.jpg 300w, https:\/\/anavole.fr\/wp-content\/uploads\/2023\/06\/P1090803-768x576.jpg 768w, https:\/\/anavole.fr\/wp-content\/uploads\/2023\/06\/P1090803-80x60.jpg 80w, https:\/\/anavole.fr\/wp-content\/uploads\/2023\/06\/P1090803.jpg 800w\" sizes=\"(max-width: 300px) 100vw, 300px\" \/><\/a> \u00a0 <a href=\"http:\/\/anavole.fr\/wp-content\/uploads\/2023\/06\/P1090805-rotated.jpg\"><img loading=\"lazy\" decoding=\"async\" class=\"alignnone size-medium wp-image-8185\" src=\"http:\/\/anavole.fr\/wp-content\/uploads\/2023\/06\/P1090805-225x300.jpg\" alt=\"\" width=\"225\" height=\"300\" srcset=\"https:\/\/anavole.fr\/wp-content\/uploads\/2023\/06\/P1090805-225x300.jpg 225w, https:\/\/anavole.fr\/wp-content\/uploads\/2023\/06\/P1090805-45x60.jpg 45w, https:\/\/anavole.fr\/wp-content\/uploads\/2023\/06\/P1090805-rotated.jpg 600w\" sizes=\"(max-width: 225px) 100vw, 225px\" \/><\/a> \u00a0 <a href=\"http:\/\/anavole.fr\/wp-content\/uploads\/2023\/06\/P1090809-rotated.jpg\"><img loading=\"lazy\" decoding=\"async\" class=\"alignnone size-medium wp-image-8186\" src=\"http:\/\/anavole.fr\/wp-content\/uploads\/2023\/06\/P1090809-225x300.jpg\" alt=\"\" width=\"225\" height=\"300\" srcset=\"https:\/\/anavole.fr\/wp-content\/uploads\/2023\/06\/P1090809-225x300.jpg 225w, https:\/\/anavole.fr\/wp-content\/uploads\/2023\/06\/P1090809-45x60.jpg 45w, https:\/\/anavole.fr\/wp-content\/uploads\/2023\/06\/P1090809-rotated.jpg 600w\" sizes=\"(max-width: 225px) 100vw, 225px\" \/><\/a><\/p>\n<p>Il fait chaud, plus de 30\u00b0C \u00e0 10h, mais nous poursuivons notre promenade \u00e0 pied pour arriver devant la magnifique Eglise Notre Dame de l&rsquo;Assomption de Budavar aussi appel\u00e9e St Mathias.<\/p>\n<p><a href=\"http:\/\/anavole.fr\/wp-content\/uploads\/2023\/06\/P1090821-rotated.jpg\"><img loading=\"lazy\" decoding=\"async\" class=\"alignnone size-medium wp-image-8187\" src=\"http:\/\/anavole.fr\/wp-content\/uploads\/2023\/06\/P1090821-225x300.jpg\" alt=\"\" width=\"225\" height=\"300\" srcset=\"https:\/\/anavole.fr\/wp-content\/uploads\/2023\/06\/P1090821-225x300.jpg 225w, https:\/\/anavole.fr\/wp-content\/uploads\/2023\/06\/P1090821-45x60.jpg 45w, https:\/\/anavole.fr\/wp-content\/uploads\/2023\/06\/P1090821-rotated.jpg 600w\" sizes=\"(max-width: 225px) 100vw, 225px\" \/><\/a> \u00a0 \u00a0<a href=\"http:\/\/anavole.fr\/wp-content\/uploads\/2023\/06\/P1090829-rotated.jpg\"><img loading=\"lazy\" decoding=\"async\" class=\"alignnone size-medium wp-image-8188\" src=\"http:\/\/anavole.fr\/wp-content\/uploads\/2023\/06\/P1090829-225x300.jpg\" alt=\"\" width=\"225\" height=\"300\" srcset=\"https:\/\/anavole.fr\/wp-content\/uploads\/2023\/06\/P1090829-225x300.jpg 225w, https:\/\/anavole.fr\/wp-content\/uploads\/2023\/06\/P1090829-45x60.jpg 45w, https:\/\/anavole.fr\/wp-content\/uploads\/2023\/06\/P1090829-rotated.jpg 600w\" sizes=\"(max-width: 225px) 100vw, 225px\" \/><\/a><\/p>\n<p>Tout pr\u00e8s se situe le Bastion des p\u00eacheurs car la ville de Buda a \u00e9t\u00e9 de nombreuses fois assi\u00e9g\u00e9e et chaque corporation devait d\u00e9fendre un bout de muraille. La vue sur la ville \u00e0 partir de cet endroit vaut \u00e0 elle seule le d\u00e9placement. Sur la rive oppos\u00e9e \u00e0 Pest, se d\u00e9tache le parlement et la Basilique St Etienne.<\/p>\n<p><a href=\"http:\/\/anavole.fr\/wp-content\/uploads\/2023\/06\/P1090846.jpg\"><img loading=\"lazy\" decoding=\"async\" class=\"alignnone size-medium wp-image-8192\" src=\"http:\/\/anavole.fr\/wp-content\/uploads\/2023\/06\/P1090846-300x225.jpg\" alt=\"\" width=\"300\" height=\"225\" srcset=\"https:\/\/anavole.fr\/wp-content\/uploads\/2023\/06\/P1090846-300x225.jpg 300w, https:\/\/anavole.fr\/wp-content\/uploads\/2023\/06\/P1090846-768x576.jpg 768w, https:\/\/anavole.fr\/wp-content\/uploads\/2023\/06\/P1090846-80x60.jpg 80w, https:\/\/anavole.fr\/wp-content\/uploads\/2023\/06\/P1090846.jpg 800w\" sizes=\"(max-width: 300px) 100vw, 300px\" \/><\/a><a href=\"http:\/\/anavole.fr\/wp-content\/uploads\/2023\/06\/P1090833.jpg\"> \u00a0 <img loading=\"lazy\" decoding=\"async\" class=\"alignnone size-medium wp-image-8189\" src=\"http:\/\/anavole.fr\/wp-content\/uploads\/2023\/06\/P1090833-300x225.jpg\" alt=\"\" width=\"300\" height=\"225\" srcset=\"https:\/\/anavole.fr\/wp-content\/uploads\/2023\/06\/P1090833-300x225.jpg 300w, https:\/\/anavole.fr\/wp-content\/uploads\/2023\/06\/P1090833-768x576.jpg 768w, https:\/\/anavole.fr\/wp-content\/uploads\/2023\/06\/P1090833-80x60.jpg 80w, https:\/\/anavole.fr\/wp-content\/uploads\/2023\/06\/P1090833.jpg 800w\" sizes=\"(max-width: 300px) 100vw, 300px\" \/><\/a> <a href=\"http:\/\/anavole.fr\/wp-content\/uploads\/2023\/06\/P1090834.jpg\"><img loading=\"lazy\" decoding=\"async\" class=\"alignnone size-medium wp-image-8190\" src=\"http:\/\/anavole.fr\/wp-content\/uploads\/2023\/06\/P1090834-300x225.jpg\" alt=\"\" width=\"300\" height=\"225\" srcset=\"https:\/\/anavole.fr\/wp-content\/uploads\/2023\/06\/P1090834-300x225.jpg 300w, https:\/\/anavole.fr\/wp-content\/uploads\/2023\/06\/P1090834-768x576.jpg 768w, https:\/\/anavole.fr\/wp-content\/uploads\/2023\/06\/P1090834-80x60.jpg 80w, https:\/\/anavole.fr\/wp-content\/uploads\/2023\/06\/P1090834.jpg 800w\" sizes=\"(max-width: 300px) 100vw, 300px\" \/><\/a><\/p>\n<p>Nous redescendons vers Pest pour admirer l&rsquo;op\u00e9ra et la place des H\u00e9ros. Cette place est situ\u00e9e au bout de la superbe avenue Andrassy. Les monuments de cette place ont \u00e9t\u00e9 construits pour c\u00e9l\u00e9brer les mille ans d&rsquo;installation des magyars. Les chefs des 7 tribus qui ont fond\u00e9 le pays sont repr\u00e9sent\u00e9s en bas de la colonne centrale. Au fond le mus\u00e9e d&rsquo;art moderne avec ses belles colonnades.<\/p>\n<p><a href=\"http:\/\/anavole.fr\/wp-content\/uploads\/2023\/06\/P1090864.jpg\"><img loading=\"lazy\" decoding=\"async\" class=\"alignnone size-medium wp-image-8193\" src=\"http:\/\/anavole.fr\/wp-content\/uploads\/2023\/06\/P1090864-300x225.jpg\" alt=\"\" width=\"300\" height=\"225\" srcset=\"https:\/\/anavole.fr\/wp-content\/uploads\/2023\/06\/P1090864-300x225.jpg 300w, https:\/\/anavole.fr\/wp-content\/uploads\/2023\/06\/P1090864-768x576.jpg 768w, https:\/\/anavole.fr\/wp-content\/uploads\/2023\/06\/P1090864-80x60.jpg 80w, https:\/\/anavole.fr\/wp-content\/uploads\/2023\/06\/P1090864.jpg 800w\" sizes=\"(max-width: 300px) 100vw, 300px\" \/><\/a> \u00a0<a href=\"http:\/\/anavole.fr\/wp-content\/uploads\/2023\/06\/P1090866-rotated.jpg\"><img loading=\"lazy\" decoding=\"async\" class=\"alignnone size-medium wp-image-8194\" src=\"http:\/\/anavole.fr\/wp-content\/uploads\/2023\/06\/P1090866-225x300.jpg\" alt=\"\" width=\"225\" height=\"300\" srcset=\"https:\/\/anavole.fr\/wp-content\/uploads\/2023\/06\/P1090866-225x300.jpg 225w, https:\/\/anavole.fr\/wp-content\/uploads\/2023\/06\/P1090866-45x60.jpg 45w, https:\/\/anavole.fr\/wp-content\/uploads\/2023\/06\/P1090866-rotated.jpg 600w\" sizes=\"(max-width: 225px) 100vw, 225px\" \/><\/a> <a href=\"http:\/\/anavole.fr\/wp-content\/uploads\/2023\/06\/P1090874.jpg\"><img loading=\"lazy\" decoding=\"async\" class=\"alignnone size-medium wp-image-8196\" src=\"http:\/\/anavole.fr\/wp-content\/uploads\/2023\/06\/P1090874-300x225.jpg\" alt=\"\" width=\"300\" height=\"225\" srcset=\"https:\/\/anavole.fr\/wp-content\/uploads\/2023\/06\/P1090874-300x225.jpg 300w, https:\/\/anavole.fr\/wp-content\/uploads\/2023\/06\/P1090874-768x576.jpg 768w, https:\/\/anavole.fr\/wp-content\/uploads\/2023\/06\/P1090874-80x60.jpg 80w, https:\/\/anavole.fr\/wp-content\/uploads\/2023\/06\/P1090874.jpg 800w\" sizes=\"(max-width: 300px) 100vw, 300px\" \/><\/a><a href=\"http:\/\/anavole.fr\/wp-content\/uploads\/2023\/06\/P1090868.jpg\">\u00a0 <img loading=\"lazy\" decoding=\"async\" class=\"alignnone size-medium wp-image-8195\" src=\"http:\/\/anavole.fr\/wp-content\/uploads\/2023\/06\/P1090868-300x225.jpg\" alt=\"\" width=\"300\" height=\"225\" srcset=\"https:\/\/anavole.fr\/wp-content\/uploads\/2023\/06\/P1090868-300x225.jpg 300w, https:\/\/anavole.fr\/wp-content\/uploads\/2023\/06\/P1090868-768x576.jpg 768w, https:\/\/anavole.fr\/wp-content\/uploads\/2023\/06\/P1090868-80x60.jpg 80w, https:\/\/anavole.fr\/wp-content\/uploads\/2023\/06\/P1090868.jpg 800w\" sizes=\"(max-width: 300px) 100vw, 300px\" \/><\/a><\/p>\n<p>Et l&rsquo;attraction qu&rsquo;il ne faut pas manquer : une montgolfi\u00e8re qui monte et qui descend toutes les 5 minutes pour vous permettre d&rsquo;admirer la vue. Mais nous n&rsquo;avons pas 5 minutes&#8230; Dommage !<\/p>\n<p><a href=\"http:\/\/anavole.fr\/wp-content\/uploads\/2023\/06\/P1090876-rotated.jpg\"><img loading=\"lazy\" decoding=\"async\" class=\"alignnone size-medium wp-image-8197\" src=\"http:\/\/anavole.fr\/wp-content\/uploads\/2023\/06\/P1090876-225x300.jpg\" alt=\"\" width=\"225\" height=\"300\" srcset=\"https:\/\/anavole.fr\/wp-content\/uploads\/2023\/06\/P1090876-225x300.jpg 225w, https:\/\/anavole.fr\/wp-content\/uploads\/2023\/06\/P1090876-45x60.jpg 45w, https:\/\/anavole.fr\/wp-content\/uploads\/2023\/06\/P1090876-rotated.jpg 600w\" sizes=\"(max-width: 225px) 100vw, 225px\" \/><\/a><\/p>\n<p>Apr\u00e8s la pause d\u00e9jeuner et une petite sieste, nous nous d\u00e9cidons \u00e0 ressortir vers 17h pour un petit tour en ville. Le bateau est amarr\u00e9 \u00e0 10 minutes \u00e0 pied du march\u00e9 central. Superbe \u00e9difice datant de la fin du 19\u00e8me si\u00e8cle. Peu d&rsquo;\u00e9tals sont encore ouverts \u00e0 cette heure, mais il est toujours possible d&rsquo;acheter la sp\u00e9cialit\u00e9 locale : le paprika.<\/p>\n<p><a href=\"http:\/\/anavole.fr\/wp-content\/uploads\/2023\/06\/P1090894.jpg\"><img loading=\"lazy\" decoding=\"async\" class=\"alignnone size-medium wp-image-8199\" src=\"http:\/\/anavole.fr\/wp-content\/uploads\/2023\/06\/P1090894-300x225.jpg\" alt=\"\" width=\"300\" height=\"225\" srcset=\"https:\/\/anavole.fr\/wp-content\/uploads\/2023\/06\/P1090894-300x225.jpg 300w, https:\/\/anavole.fr\/wp-content\/uploads\/2023\/06\/P1090894-768x576.jpg 768w, https:\/\/anavole.fr\/wp-content\/uploads\/2023\/06\/P1090894-80x60.jpg 80w, https:\/\/anavole.fr\/wp-content\/uploads\/2023\/06\/P1090894.jpg 800w\" sizes=\"(max-width: 300px) 100vw, 300px\" \/><\/a> \u00a0<a href=\"http:\/\/anavole.fr\/wp-content\/uploads\/2023\/06\/P1090897-rotated.jpg\"><img loading=\"lazy\" decoding=\"async\" class=\"alignnone size-medium wp-image-8200\" src=\"http:\/\/anavole.fr\/wp-content\/uploads\/2023\/06\/P1090897-225x300.jpg\" alt=\"\" width=\"225\" height=\"300\" srcset=\"https:\/\/anavole.fr\/wp-content\/uploads\/2023\/06\/P1090897-225x300.jpg 225w, https:\/\/anavole.fr\/wp-content\/uploads\/2023\/06\/P1090897-45x60.jpg 45w, https:\/\/anavole.fr\/wp-content\/uploads\/2023\/06\/P1090897-rotated.jpg 600w\" sizes=\"(max-width: 225px) 100vw, 225px\" \/><\/a> \u00a0<a href=\"http:\/\/anavole.fr\/wp-content\/uploads\/2023\/06\/P1090900-rotated.jpg\"><img loading=\"lazy\" decoding=\"async\" class=\"alignnone size-medium wp-image-8201\" src=\"http:\/\/anavole.fr\/wp-content\/uploads\/2023\/06\/P1090900-225x300.jpg\" alt=\"\" width=\"225\" height=\"300\" srcset=\"https:\/\/anavole.fr\/wp-content\/uploads\/2023\/06\/P1090900-225x300.jpg 225w, https:\/\/anavole.fr\/wp-content\/uploads\/2023\/06\/P1090900-45x60.jpg 45w, https:\/\/anavole.fr\/wp-content\/uploads\/2023\/06\/P1090900-rotated.jpg 600w\" sizes=\"(max-width: 225px) 100vw, 225px\" \/><\/a><\/p>\n<p>Pour revenir nous faisons un d\u00e9tour par la principale rue commer\u00e7ante : la rue Vaci. Les immeubles sont vraiment tr\u00e8s beaux et nous marchons la t\u00eate en l&rsquo;air pour ne pas en rater.<\/p>\n<p><a href=\"http:\/\/anavole.fr\/wp-content\/uploads\/2023\/06\/P1090908-rotated.jpg\"><img loading=\"lazy\" decoding=\"async\" class=\"alignnone size-medium wp-image-8202\" src=\"http:\/\/anavole.fr\/wp-content\/uploads\/2023\/06\/P1090908-225x300.jpg\" alt=\"\" width=\"225\" height=\"300\" srcset=\"https:\/\/anavole.fr\/wp-content\/uploads\/2023\/06\/P1090908-225x300.jpg 225w, https:\/\/anavole.fr\/wp-content\/uploads\/2023\/06\/P1090908-45x60.jpg 45w, https:\/\/anavole.fr\/wp-content\/uploads\/2023\/06\/P1090908-rotated.jpg 600w\" sizes=\"(max-width: 225px) 100vw, 225px\" \/><\/a>\u00a0 <a href=\"http:\/\/anavole.fr\/wp-content\/uploads\/2023\/06\/P1090916-rotated.jpg\"><img loading=\"lazy\" decoding=\"async\" class=\"alignnone size-medium wp-image-8204\" src=\"http:\/\/anavole.fr\/wp-content\/uploads\/2023\/06\/P1090916-225x300.jpg\" alt=\"\" width=\"225\" height=\"300\" srcset=\"https:\/\/anavole.fr\/wp-content\/uploads\/2023\/06\/P1090916-225x300.jpg 225w, https:\/\/anavole.fr\/wp-content\/uploads\/2023\/06\/P1090916-45x60.jpg 45w, https:\/\/anavole.fr\/wp-content\/uploads\/2023\/06\/P1090916-rotated.jpg 600w\" sizes=\"(max-width: 225px) 100vw, 225px\" \/><\/a><\/p>\n<p>De retour \u00e0 18h30 il fait toujours aussi chaud. Demain nous naviguons vers un nouveau pays !<\/p>\n","protected":false},"excerpt":{"rendered":"<p>Nous sommes maintenant en Hongrie, le pays des Magyars. Au 10\u00e8me si\u00e8cle, ce peuple nomade colonise la grande plaine de Pannonie que nous avons d\u00e9j\u00e0 parcourue car elle occupe une partie de 9 pays de &hellip; <\/p>\n","protected":false},"author":2,"featured_media":8191,"comment_status":"open","ping_status":"open","sticky":false,"template":"","format":"standard","meta":{"footnotes":""},"categories":[5],"tags":[57,62],"class_list":["post-8177","post","type-post","status-publish","format-standard","has-post-thumbnail","hentry","category-ailleurs","tag-danube","tag-hongrie"],"_links":{"self":[{"href":"https:\/\/anavole.fr\/index.php?rest_route=\/wp\/v2\/posts\/8177"}],"collection":[{"href":"https:\/\/anavole.fr\/index.php?rest_route=\/wp\/v2\/posts"}],"about":[{"href":"https:\/\/anavole.fr\/index.php?rest_route=\/wp\/v2\/types\/post"}],"author":[{"embeddable":true,"href":"https:\/\/anavole.fr\/index.php?rest_route=\/wp\/v2\/users\/2"}],"replies":[{"embeddable":true,"href":"https:\/\/anavole.fr\/index.php?rest_route=%2Fwp%2Fv2%2Fcomments&post=8177"}],"version-history":[{"count":5,"href":"https:\/\/anavole.fr\/index.php?rest_route=\/wp\/v2\/posts\/8177\/revisions"}],"predecessor-version":[{"id":8354,"href":"https:\/\/anavole.fr\/index.php?rest_route=\/wp\/v2\/posts\/8177\/revisions\/8354"}],"wp:featuredmedia":[{"embeddable":true,"href":"https:\/\/anavole.fr\/index.php?rest_route=\/wp\/v2\/media\/8191"}],"wp:attachment":[{"href":"https:\/\/anavole.fr\/index.php?rest_route=%2Fwp%2Fv2%2Fmedia&parent=8177"}],"wp:term":[{"taxonomy":"category","embeddable":true,"href":"https:\/\/anavole.fr\/index.php?rest_route=%2Fwp%2Fv2%2Fcategories&post=8177"},{"taxonomy":"post_tag","embeddable":true,"href":"https:\/\/anavole.fr\/index.php?rest_route=%2Fwp%2Fv2%2Ftags&post=8177"}],"curies":[{"name":"wp","href":"https:\/\/api.w.org\/{rel}","templated":true}]}}