{"id":9755,"date":"2026-03-29T17:29:16","date_gmt":"2026-03-29T15:29:16","guid":{"rendered":"https:\/\/anavole.fr\/?p=9755"},"modified":"2026-04-25T20:26:44","modified_gmt":"2026-04-25T18:26:44","slug":"des-mots-et-dumas-3","status":"publish","type":"post","link":"https:\/\/anavole.fr\/?p=9755","title":{"rendered":"Des mots et Dumas *3"},"content":{"rendered":"<p>Et c\u2019est reparti\u00a0! Nous allons \u00e0 Villers C\u00f4tterets dans le d\u00e9partement de l\u2019Aisne pour visiter la Cit\u00e9 internationale de la langue fran\u00e7aise et le mus\u00e9e Alexandre Dumas<\/p>\n<p>Commen\u00e7ons par le commencement. D\u2019abord parlons du ch\u00e2teau de Villers C\u00f4tterets qui abrite la Cit\u00e9 internationale. Construit par Fran\u00e7ois 1<sup>er<\/sup>, il a l\u2019honneur de l\u2019h\u00e9berger \u00e0 de nombreuses reprises puisqu\u2019il y vient pour chasser dans la for\u00eat de Retz et pour se d\u00e9tendre. En 1539, Fran\u00e7ois Ier y signe une ordonnance historique pour, entre autres, imposer le fran\u00e7ais dans les actes administratifs et juridiques.<\/p>\n<p><a href=\"http:\/\/anavole.fr\/wp-content\/uploads\/2026\/03\/P1001990.jpg\"><img loading=\"lazy\" decoding=\"async\" class=\"alignnone size-medium wp-image-9812\" src=\"http:\/\/anavole.fr\/wp-content\/uploads\/2026\/03\/P1001990-300x225.jpg\" alt=\"\" width=\"300\" height=\"225\" srcset=\"https:\/\/anavole.fr\/wp-content\/uploads\/2026\/03\/P1001990-300x225.jpg 300w, https:\/\/anavole.fr\/wp-content\/uploads\/2026\/03\/P1001990-768x576.jpg 768w, https:\/\/anavole.fr\/wp-content\/uploads\/2026\/03\/P1001990.jpg 1000w\" sizes=\"(max-width: 300px) 100vw, 300px\" \/><\/a> \u00a0 \u00a0 <a href=\"http:\/\/anavole.fr\/wp-content\/uploads\/2026\/03\/P1001968.jpg\"><img loading=\"lazy\" decoding=\"async\" class=\"alignnone size-medium wp-image-9802\" src=\"http:\/\/anavole.fr\/wp-content\/uploads\/2026\/03\/P1001968-225x300.jpg\" alt=\"\" width=\"225\" height=\"300\" srcset=\"https:\/\/anavole.fr\/wp-content\/uploads\/2026\/03\/P1001968-225x300.jpg 225w, https:\/\/anavole.fr\/wp-content\/uploads\/2026\/03\/P1001968.jpg 749w\" sizes=\"(max-width: 225px) 100vw, 225px\" \/><\/a> \u00a0 \u00a0 \u00a0 \u00a0<a href=\"http:\/\/anavole.fr\/wp-content\/uploads\/2026\/03\/P1001969-rotated.jpg\"><img loading=\"lazy\" decoding=\"async\" class=\"alignnone size-medium wp-image-9803\" src=\"http:\/\/anavole.fr\/wp-content\/uploads\/2026\/03\/P1001969-225x300.jpg\" alt=\"\" width=\"225\" height=\"300\" srcset=\"https:\/\/anavole.fr\/wp-content\/uploads\/2026\/03\/P1001969-225x300.jpg 225w, https:\/\/anavole.fr\/wp-content\/uploads\/2026\/03\/P1001969-rotated.jpg 750w\" sizes=\"(max-width: 225px) 100vw, 225px\" \/><\/a><\/p>\n<p>Le ch\u00e2teau longtemps utilis\u00e9 par diff\u00e9rents rois deviendra une caserne de l\u2019arm\u00e9e r\u00e9publicaine puis un d\u00e9p\u00f4t de mendicit\u00e9 pour les indigents puis une maison de retraite et enfin, apr\u00e8s des travaux de grande ampleur, la cit\u00e9 internationale de la langue fran\u00e7aise.<\/p>\n<p>On y p\u00e9n\u00e8tre par la cour qui \u00e9tait \u00e0 la fois une entr\u00e9e et un terrain de jeu de paume. Nos yeux se l\u00e8vent et on est tout de suite dans le sujet du jour<\/p>\n<p><a href=\"http:\/\/anavole.fr\/wp-content\/uploads\/2026\/03\/P1001962-rotated.jpg\"><img loading=\"lazy\" decoding=\"async\" class=\"alignnone size-medium wp-image-9800\" src=\"http:\/\/anavole.fr\/wp-content\/uploads\/2026\/03\/P1001962-225x300.jpg\" alt=\"\" width=\"225\" height=\"300\" srcset=\"https:\/\/anavole.fr\/wp-content\/uploads\/2026\/03\/P1001962-225x300.jpg 225w, https:\/\/anavole.fr\/wp-content\/uploads\/2026\/03\/P1001962-rotated.jpg 750w\" sizes=\"(max-width: 225px) 100vw, 225px\" \/><\/a><\/p>\n<p>Que signifie Ziboulateur\u00a0: mot utilis\u00e9 au Congo pour qualifier un d\u00e9capsuleur, un ouvre-boite ou un tire-bouchon<\/p>\n<p>Que signifie Royaumer\u00a0:\u00a0mot utilis\u00e9 en Suisse, s\u2019inspirant des Rois Fain\u00e9ants pour qualifier quelqu\u2019un qui se pr\u00e9lasse<\/p>\n<p>Que signifie Clavardage\u00a0: mot utilis\u00e9 au Qu\u00e9bec pour exprimer le fait de bavarder entre internautes<\/p>\n<p>La visite de l\u2019exposition permanente est amusante par ses nombreux dispositifs interactifs et int\u00e9ressante par les nombreuses formes d\u2019expression, orales comme \u00e9crites qu\u2019elle aborde\u00a0: l\u2019orthographe par-ci, le t\u00e9moignage de francophones du monde entier par-l\u00e0, l\u2019\u00e9volution de la langue ou sa diffusion. L\u00e0 aussi on aurait pu y passer des heures.<\/p>\n<p><a href=\"http:\/\/anavole.fr\/wp-content\/uploads\/2026\/03\/P1001973-rotated.jpg\"><img loading=\"lazy\" decoding=\"async\" class=\"alignnone size-medium wp-image-9804\" src=\"http:\/\/anavole.fr\/wp-content\/uploads\/2026\/03\/P1001973-225x300.jpg\" alt=\"\" width=\"225\" height=\"300\" srcset=\"https:\/\/anavole.fr\/wp-content\/uploads\/2026\/03\/P1001973-225x300.jpg 225w, https:\/\/anavole.fr\/wp-content\/uploads\/2026\/03\/P1001973-rotated.jpg 750w\" sizes=\"(max-width: 225px) 100vw, 225px\" \/><\/a> \u00a0 <a href=\"http:\/\/anavole.fr\/wp-content\/uploads\/2026\/03\/P1001974.jpg\"><img loading=\"lazy\" decoding=\"async\" class=\"alignnone size-medium wp-image-9805\" src=\"http:\/\/anavole.fr\/wp-content\/uploads\/2026\/03\/P1001974-300x225.jpg\" alt=\"\" width=\"300\" height=\"225\" srcset=\"https:\/\/anavole.fr\/wp-content\/uploads\/2026\/03\/P1001974-300x225.jpg 300w, https:\/\/anavole.fr\/wp-content\/uploads\/2026\/03\/P1001974-768x576.jpg 768w, https:\/\/anavole.fr\/wp-content\/uploads\/2026\/03\/P1001974.jpg 1000w\" sizes=\"(max-width: 300px) 100vw, 300px\" \/><\/a> \u00a0 <a href=\"http:\/\/anavole.fr\/wp-content\/uploads\/2026\/03\/P1001978.jpg\"><img loading=\"lazy\" decoding=\"async\" class=\"alignnone size-medium wp-image-9807\" src=\"http:\/\/anavole.fr\/wp-content\/uploads\/2026\/03\/P1001978-300x225.jpg\" alt=\"\" width=\"300\" height=\"225\" srcset=\"https:\/\/anavole.fr\/wp-content\/uploads\/2026\/03\/P1001978-300x225.jpg 300w, https:\/\/anavole.fr\/wp-content\/uploads\/2026\/03\/P1001978-768x576.jpg 768w, https:\/\/anavole.fr\/wp-content\/uploads\/2026\/03\/P1001978.jpg 1000w\" sizes=\"(max-width: 300px) 100vw, 300px\" \/><\/a> \u00a0 <a href=\"http:\/\/anavole.fr\/wp-content\/uploads\/2026\/03\/P1001979.jpg\"><img loading=\"lazy\" decoding=\"async\" class=\"alignnone size-medium wp-image-9808\" src=\"http:\/\/anavole.fr\/wp-content\/uploads\/2026\/03\/P1001979-300x225.jpg\" alt=\"\" width=\"300\" height=\"225\" srcset=\"https:\/\/anavole.fr\/wp-content\/uploads\/2026\/03\/P1001979-300x225.jpg 300w, https:\/\/anavole.fr\/wp-content\/uploads\/2026\/03\/P1001979-768x576.jpg 768w, https:\/\/anavole.fr\/wp-content\/uploads\/2026\/03\/P1001979.jpg 1000w\" sizes=\"(max-width: 300px) 100vw, 300px\" \/><\/a><\/p>\n<p>Nous nous dirigeons ensuite vers le Mus\u00e9e Alexandre Dumas. Petit mus\u00e9e qui raconte la vie de cette famille. A l\u2019origine une famille noble les Davy de la Paillerie. Son p\u00e8re, fils d\u2019un noble et d\u2019une esclave de St Domingue deviendra un g\u00e9n\u00e9ral reconnu de la R\u00e9volution puis de Napol\u00e9on. L\u2019\u0153uvre d\u2019Alexandre Dumas est universelle et a travers\u00e9 les continents. Son fils nomm\u00e9 \u00e9galement Alexandre Dumas se fera connaitre par La dame aux cam\u00e9lias.<\/p>\n<p><a href=\"http:\/\/anavole.fr\/wp-content\/uploads\/2026\/03\/P1001986.jpg\"><img loading=\"lazy\" decoding=\"async\" class=\"alignnone size-medium wp-image-9810\" src=\"http:\/\/anavole.fr\/wp-content\/uploads\/2026\/03\/P1001986-300x225.jpg\" alt=\"\" width=\"300\" height=\"225\" srcset=\"https:\/\/anavole.fr\/wp-content\/uploads\/2026\/03\/P1001986-300x225.jpg 300w, https:\/\/anavole.fr\/wp-content\/uploads\/2026\/03\/P1001986-768x576.jpg 768w, https:\/\/anavole.fr\/wp-content\/uploads\/2026\/03\/P1001986.jpg 1000w\" sizes=\"(max-width: 300px) 100vw, 300px\" \/><\/a><\/p>\n<p>Nous revenons \u00e0 Reims pour une derni\u00e8re nuit\u2026<\/p>\n<p>Ce matin nous prenons la route du retour. Mais il nous reste encore une \u00e9tape et non la moindre\u2026<\/p>\n<p>Nous allons \u00e0 A\u00ff en Champagne pour en apprendre un peu plus sur la fabrication du champagne. Et oui, \u00e9videmment\u00a0!<\/p>\n<p>C\u2019est le Clos Corbier qui nous accueille. C\u2019est un n\u00e9gociant en vins de champagne qui a d\u00e9velopp\u00e9 une offre touristique comprenant une visite explicative, des ateliers d\u2019\u0153nologie et un restaurant pour d\u00e9guster les sp\u00e9cialit\u00e9s locales accompagn\u00e9es bien s\u00fbr de champagne.<\/p>\n<p><a href=\"http:\/\/anavole.fr\/wp-content\/uploads\/2026\/03\/P1001992.jpg\"><img loading=\"lazy\" decoding=\"async\" class=\"alignnone size-medium wp-image-9813\" src=\"http:\/\/anavole.fr\/wp-content\/uploads\/2026\/03\/P1001992-300x225.jpg\" alt=\"\" width=\"300\" height=\"225\" srcset=\"https:\/\/anavole.fr\/wp-content\/uploads\/2026\/03\/P1001992-300x225.jpg 300w, https:\/\/anavole.fr\/wp-content\/uploads\/2026\/03\/P1001992-768x576.jpg 768w, https:\/\/anavole.fr\/wp-content\/uploads\/2026\/03\/P1001992.jpg 1000w\" sizes=\"(max-width: 300px) 100vw, 300px\" \/><\/a> \u00a0 <a href=\"http:\/\/anavole.fr\/wp-content\/uploads\/2026\/03\/P1001993.jpg\"><img loading=\"lazy\" decoding=\"async\" class=\"alignnone size-medium wp-image-9814\" src=\"http:\/\/anavole.fr\/wp-content\/uploads\/2026\/03\/P1001993-300x225.jpg\" alt=\"\" width=\"300\" height=\"225\" srcset=\"https:\/\/anavole.fr\/wp-content\/uploads\/2026\/03\/P1001993-300x225.jpg 300w, https:\/\/anavole.fr\/wp-content\/uploads\/2026\/03\/P1001993-768x576.jpg 768w, https:\/\/anavole.fr\/wp-content\/uploads\/2026\/03\/P1001993.jpg 1000w\" sizes=\"(max-width: 300px) 100vw, 300px\" \/><\/a> \u00a0 <a href=\"http:\/\/anavole.fr\/wp-content\/uploads\/2026\/03\/P1001994-rotated.jpg\"><img loading=\"lazy\" decoding=\"async\" class=\"alignnone size-medium wp-image-9815\" src=\"http:\/\/anavole.fr\/wp-content\/uploads\/2026\/03\/P1001994-225x300.jpg\" alt=\"\" width=\"225\" height=\"300\" srcset=\"https:\/\/anavole.fr\/wp-content\/uploads\/2026\/03\/P1001994-225x300.jpg 225w, https:\/\/anavole.fr\/wp-content\/uploads\/2026\/03\/P1001994-rotated.jpg 750w\" sizes=\"(max-width: 225px) 100vw, 225px\" \/><\/a> \u00a0 <a href=\"http:\/\/anavole.fr\/wp-content\/uploads\/2026\/03\/P1001995-rotated.jpg\"><img loading=\"lazy\" decoding=\"async\" class=\"alignnone size-medium wp-image-9816\" src=\"http:\/\/anavole.fr\/wp-content\/uploads\/2026\/03\/P1001995-225x300.jpg\" alt=\"\" width=\"225\" height=\"300\" srcset=\"https:\/\/anavole.fr\/wp-content\/uploads\/2026\/03\/P1001995-225x300.jpg 225w, https:\/\/anavole.fr\/wp-content\/uploads\/2026\/03\/P1001995-rotated.jpg 750w\" sizes=\"(max-width: 225px) 100vw, 225px\" \/><\/a><\/p>\n<p>Et voil\u00e0 cette petite balade se termine ainsi. On repart bient\u00f4t\u00a0!<\/p>\n","protected":false},"excerpt":{"rendered":"<p>Et c\u2019est reparti\u00a0! Nous allons \u00e0 Villers C\u00f4tterets dans le d\u00e9partement de l\u2019Aisne pour visiter la Cit\u00e9 internationale de la langue fran\u00e7aise et le mus\u00e9e Alexandre Dumas Commen\u00e7ons par le commencement. D\u2019abord parlons du ch\u00e2teau &hellip; <\/p>\n","protected":false},"author":2,"featured_media":9809,"comment_status":"open","ping_status":"open","sticky":false,"template":"","format":"standard","meta":{"footnotes":""},"categories":[5],"tags":[39,73],"class_list":["post-9755","post","type-post","status-publish","format-standard","has-post-thumbnail","hentry","category-ailleurs","tag-france","tag-uia"],"_links":{"self":[{"href":"https:\/\/anavole.fr\/index.php?rest_route=\/wp\/v2\/posts\/9755"}],"collection":[{"href":"https:\/\/anavole.fr\/index.php?rest_route=\/wp\/v2\/posts"}],"about":[{"href":"https:\/\/anavole.fr\/index.php?rest_route=\/wp\/v2\/types\/post"}],"author":[{"embeddable":true,"href":"https:\/\/anavole.fr\/index.php?rest_route=\/wp\/v2\/users\/2"}],"replies":[{"embeddable":true,"href":"https:\/\/anavole.fr\/index.php?rest_route=%2Fwp%2Fv2%2Fcomments&post=9755"}],"version-history":[{"count":3,"href":"https:\/\/anavole.fr\/index.php?rest_route=\/wp\/v2\/posts\/9755\/revisions"}],"predecessor-version":[{"id":9826,"href":"https:\/\/anavole.fr\/index.php?rest_route=\/wp\/v2\/posts\/9755\/revisions\/9826"}],"wp:featuredmedia":[{"embeddable":true,"href":"https:\/\/anavole.fr\/index.php?rest_route=\/wp\/v2\/media\/9809"}],"wp:attachment":[{"href":"https:\/\/anavole.fr\/index.php?rest_route=%2Fwp%2Fv2%2Fmedia&parent=9755"}],"wp:term":[{"taxonomy":"category","embeddable":true,"href":"https:\/\/anavole.fr\/index.php?rest_route=%2Fwp%2Fv2%2Fcategories&post=9755"},{"taxonomy":"post_tag","embeddable":true,"href":"https:\/\/anavole.fr\/index.php?rest_route=%2Fwp%2Fv2%2Ftags&post=9755"}],"curies":[{"name":"wp","href":"https:\/\/api.w.org\/{rel}","templated":true}]}}